{"id":104,"date":"2010-07-20T19:14:45","date_gmt":"2010-07-20T18:14:45","guid":{"rendered":"http:\/\/www.bluetoons.de\/blog\/?p=104"},"modified":"2010-08-17T23:55:04","modified_gmt":"2010-08-17T22:55:04","slug":"der-mit-dem-adler-fliegt","status":"publish","type":"post","link":"https:\/\/www.bluetoons.de\/blog\/2010\/07\/der-mit-dem-adler-fliegt\/","title":{"rendered":"Der mit dem Adler fliegt"},"content":{"rendered":"<p><strong>Der Comic-Klassiker &#8222;Yakari&#8220; erlebt dank seiner Zeichentrickverfilmung eine Renaissance. Inzwischen hat sich die Serie bei uns zu einem echten Bestseller entwickelt (B\u00fccher und Poster).<\/strong><\/p>\n<p><img loading=\"lazy\" decoding=\"async\" style=\"float: left; padding-right: 10px; padding-bottom: 5px;\" src=\"https:\/\/www.bluetoons.de\/images\/yakari_35.jpg\" alt=\"yakari: ein kleiner b\u00e4r b\u00fcchst aus\" width=\"240\" height=\"322\" \/>2009 startete der Verlag Salleck Publications (Eckart-Schott-Verlag) mit einer Wiederver\u00f6ffentlichung der seit den sp\u00e4ten 1970ern erschienenen und lange vergriffenen Yakari-B\u00e4nde von Texter Job (Andr\u00e9 Jobin) und Zeichner Derib (Claude de Ribaupierre). Die gleichnamige Fernsehserie erfreut sich bei den Kids besonderer Beliebtheit (Altersgruppe bis 10 Jahre). Dass die Serie auf einem Comic beruht, wissen von den jungen Serien-Fans wahrscheinlich die wenigsten. Die Serie erschien bereits als Heftreihe im Carlsen Verlag (sp\u00e4ter fortgesetzt von Salleck). Salleck ver\u00f6ffentlicht nun die B\u00e4nde in einer sch\u00f6nen, gebundenen Variante.<\/p>\n<p><!--more--><\/p>\n<p>Der kleine Indianerjunge Yakari vom Stamm der Sioux erlebt mit seinem Pferd &#8222;Kleiner Donner&#8220; und seinen Stammesgef\u00e4hrten darin viele Abenteuer. Das Besondere ist: Yakari kann mit Tieren sprechen.<\/p>\n<p>So nehmen in den Geschichten neben den Indianern vor allem die Tiere eine zentrale Rolle ein. Die Geschichten sind humorvoll und fl\u00fcssig erz\u00e4hlt, transportieren dabei auch die eine und andere Lebensweisheit und eignen sich damit schon f\u00fcr Leseanf\u00e4nger.<\/p>\n<p>Zeichnerisch wird die Serie des geb\u00fcrtigen Schweizers Derib (der auch mehrere Jahre &#8222;Die Schl\u00fcmpfe&#8220; f\u00fcr das Studio Peyo zeichnete) alle ansprechen, die Comiczeichnungen im klassischen frankobelgischen Stil m\u00f6gen. Detaillierte und fl\u00e4chig kolorierte Darstellungen sorgen zusammen mit den sch\u00f6nen Geschichten und der soliden Aufmachung des Bandes in fadengebundenem Hardcover f\u00fcr uneingeschr\u00e4nkten und langlebigen Lesespa\u00df.<\/p>\n<p>Yakari, von Derib und Job, Albenformat (A4, Hardcover), Salleck Publications \/ Eckart-Schott-Verlag, je Band 12 Euro.<\/p>\n<p>Z.Z. verf\u00fcgbar sind folgende B\u00fccher:<\/p>\n<p>Yakari<br \/>\n1: &#8230;und Gro\u00dfer Adler<br \/>\n2: &#8230;und der wei\u00dfe Bison<br \/>\n3: &#8230;bei den Bibern<br \/>\n4: &#8230;und Nanaboso<br \/>\n5: &#8230;und der Grizzly<br \/>\n26: Die Rache des Carcajou<br \/>\n28: Die sprechende Eiche<br \/>\n29: Der Riese erwacht<br \/>\n35: Ein kleiner B\u00e4r b\u00fcchst aus<\/p>\n<p>sowie verschiedene Poster.<\/p>\n<p><span style=\"font-size: x-small;\">Dieser Artikel ist eine aktualisierte Fassung des im M\u00e4rz 2009 in meiner\u00a0 <a href=\"http:\/\/www.tagesspiegel.de\/autoren\/Frank+Wochatz\">Kolumne im Comicblog des Berliner Tagesspiegels<\/a> erschienenen Artikels &#8222;Der mit dem Adler fliegt&#8220;.<\/span><\/p>\n","protected":false},"excerpt":{"rendered":"<p>Der Comic-Klassiker &#8222;Yakari&#8220; erlebt dank seiner Zeichentrickverfilmung eine Renaissance. Inzwischen hat sich die Serie bei uns zu einem echten Bestseller entwickelt (B\u00fccher und Poster). 2009 startete der Verlag Salleck Publications (Eckart-Schott-Verlag) mit einer Wiederver\u00f6ffentlichung der seit den sp\u00e4ten 1970ern erschienenen und lange vergriffenen Yakari-B\u00e4nde von Texter Job (Andr\u00e9 Jobin) und Zeichner Derib (Claude de Ribaupierre). &#8230; <a title=\"Der mit dem Adler fliegt\" class=\"read-more\" href=\"https:\/\/www.bluetoons.de\/blog\/2010\/07\/der-mit-dem-adler-fliegt\/\" aria-label=\"Mehr dazu unter Der mit dem Adler fliegt\">Weiterlesen<\/a><\/p>\n","protected":false},"author":3,"featured_media":0,"comment_status":"closed","ping_status":"closed","sticky":false,"template":"","format":"standard","meta":{"footnotes":""},"categories":[1],"tags":[],"class_list":["post-104","post","type-post","status-publish","format-standard","hentry","category-abenteuer"],"yoast_head":"<!-- This site is optimized with the Yoast SEO plugin v22.5 - https:\/\/yoast.com\/wordpress\/plugins\/seo\/ -->\n<title>Der mit dem Adler fliegt - Comics &amp; Graphics<\/title>\n<meta name=\"robots\" content=\"index, follow, max-snippet:-1, max-image-preview:large, max-video-preview:-1\" \/>\n<link rel=\"canonical\" href=\"https:\/\/www.bluetoons.de\/blog\/2010\/07\/der-mit-dem-adler-fliegt\/\" \/>\n<meta property=\"og:locale\" content=\"de_DE\" \/>\n<meta property=\"og:type\" content=\"article\" \/>\n<meta property=\"og:title\" content=\"Der mit dem Adler fliegt - Comics &amp; Graphics\" \/>\n<meta property=\"og:description\" content=\"Der Comic-Klassiker &#8222;Yakari&#8220; erlebt dank seiner Zeichentrickverfilmung eine Renaissance. Inzwischen hat sich die Serie bei uns zu einem echten Bestseller entwickelt (B\u00fccher und Poster). 2009 startete der Verlag Salleck Publications (Eckart-Schott-Verlag) mit einer Wiederver\u00f6ffentlichung der seit den sp\u00e4ten 1970ern erschienenen und lange vergriffenen Yakari-B\u00e4nde von Texter Job (Andr\u00e9 Jobin) und Zeichner Derib (Claude de Ribaupierre). ... Weiterlesen\" \/>\n<meta property=\"og:url\" content=\"https:\/\/www.bluetoons.de\/blog\/2010\/07\/der-mit-dem-adler-fliegt\/\" \/>\n<meta property=\"og:site_name\" content=\"Comics &amp; Graphics\" \/>\n<meta property=\"article:publisher\" content=\"https:\/\/www.facebook.com\/comicsandgraphics\" \/>\n<meta property=\"article:published_time\" content=\"2010-07-20T18:14:45+00:00\" \/>\n<meta property=\"article:modified_time\" content=\"2010-08-17T22:55:04+00:00\" \/>\n<meta property=\"og:image\" content=\"https:\/\/www.bluetoons.de\/images\/yakari_35.jpg\" \/>\n<meta name=\"author\" content=\"Frank\" \/>\n<meta name=\"twitter:card\" content=\"summary_large_image\" \/>\n<meta name=\"twitter:label1\" content=\"Verfasst von\" \/>\n\t<meta name=\"twitter:data1\" content=\"Frank\" \/>\n\t<meta name=\"twitter:label2\" content=\"Gesch\u00e4tzte Lesezeit\" \/>\n\t<meta name=\"twitter:data2\" content=\"2\u00a0Minuten\" \/>\n<script type=\"application\/ld+json\" class=\"yoast-schema-graph\">{\"@context\":\"https:\/\/schema.org\",\"@graph\":[{\"@type\":\"Article\",\"@id\":\"https:\/\/www.bluetoons.de\/blog\/2010\/07\/der-mit-dem-adler-fliegt\/#article\",\"isPartOf\":{\"@id\":\"https:\/\/www.bluetoons.de\/blog\/2010\/07\/der-mit-dem-adler-fliegt\/\"},\"author\":{\"name\":\"Frank\",\"@id\":\"https:\/\/www.bluetoons.de\/blog\/#\/schema\/person\/a6183af3fcd8cb598192c3ba1e71989c\"},\"headline\":\"Der mit dem Adler fliegt\",\"datePublished\":\"2010-07-20T18:14:45+00:00\",\"dateModified\":\"2010-08-17T22:55:04+00:00\",\"mainEntityOfPage\":{\"@id\":\"https:\/\/www.bluetoons.de\/blog\/2010\/07\/der-mit-dem-adler-fliegt\/\"},\"wordCount\":335,\"publisher\":{\"@id\":\"https:\/\/www.bluetoons.de\/blog\/#organization\"},\"image\":{\"@id\":\"https:\/\/www.bluetoons.de\/blog\/2010\/07\/der-mit-dem-adler-fliegt\/#primaryimage\"},\"thumbnailUrl\":\"https:\/\/www.bluetoons.de\/images\/yakari_35.jpg\",\"articleSection\":[\"Abenteuer\"],\"inLanguage\":\"de\"},{\"@type\":\"WebPage\",\"@id\":\"https:\/\/www.bluetoons.de\/blog\/2010\/07\/der-mit-dem-adler-fliegt\/\",\"url\":\"https:\/\/www.bluetoons.de\/blog\/2010\/07\/der-mit-dem-adler-fliegt\/\",\"name\":\"Der mit dem Adler fliegt - Comics &amp; Graphics\",\"isPartOf\":{\"@id\":\"https:\/\/www.bluetoons.de\/blog\/#website\"},\"primaryImageOfPage\":{\"@id\":\"https:\/\/www.bluetoons.de\/blog\/2010\/07\/der-mit-dem-adler-fliegt\/#primaryimage\"},\"image\":{\"@id\":\"https:\/\/www.bluetoons.de\/blog\/2010\/07\/der-mit-dem-adler-fliegt\/#primaryimage\"},\"thumbnailUrl\":\"https:\/\/www.bluetoons.de\/images\/yakari_35.jpg\",\"datePublished\":\"2010-07-20T18:14:45+00:00\",\"dateModified\":\"2010-08-17T22:55:04+00:00\",\"breadcrumb\":{\"@id\":\"https:\/\/www.bluetoons.de\/blog\/2010\/07\/der-mit-dem-adler-fliegt\/#breadcrumb\"},\"inLanguage\":\"de\",\"potentialAction\":[{\"@type\":\"ReadAction\",\"target\":[\"https:\/\/www.bluetoons.de\/blog\/2010\/07\/der-mit-dem-adler-fliegt\/\"]}]},{\"@type\":\"ImageObject\",\"inLanguage\":\"de\",\"@id\":\"https:\/\/www.bluetoons.de\/blog\/2010\/07\/der-mit-dem-adler-fliegt\/#primaryimage\",\"url\":\"https:\/\/www.bluetoons.de\/images\/yakari_35.jpg\",\"contentUrl\":\"https:\/\/www.bluetoons.de\/images\/yakari_35.jpg\"},{\"@type\":\"BreadcrumbList\",\"@id\":\"https:\/\/www.bluetoons.de\/blog\/2010\/07\/der-mit-dem-adler-fliegt\/#breadcrumb\",\"itemListElement\":[{\"@type\":\"ListItem\",\"position\":1,\"name\":\"Startseite\",\"item\":\"https:\/\/www.bluetoons.de\/blog\/\"},{\"@type\":\"ListItem\",\"position\":2,\"name\":\"Der mit dem Adler fliegt\"}]},{\"@type\":\"WebSite\",\"@id\":\"https:\/\/www.bluetoons.de\/blog\/#website\",\"url\":\"https:\/\/www.bluetoons.de\/blog\/\",\"name\":\"Comics & Graphics\",\"description\":\"Comicbuchhandlung\",\"publisher\":{\"@id\":\"https:\/\/www.bluetoons.de\/blog\/#organization\"},\"potentialAction\":[{\"@type\":\"SearchAction\",\"target\":{\"@type\":\"EntryPoint\",\"urlTemplate\":\"https:\/\/www.bluetoons.de\/blog\/?s={search_term_string}\"},\"query-input\":\"required name=search_term_string\"}],\"inLanguage\":\"de\"},{\"@type\":\"Organization\",\"@id\":\"https:\/\/www.bluetoons.de\/blog\/#organization\",\"name\":\"Comics & Graphics\",\"url\":\"https:\/\/www.bluetoons.de\/blog\/\",\"logo\":{\"@type\":\"ImageObject\",\"inLanguage\":\"de\",\"@id\":\"https:\/\/www.bluetoons.de\/blog\/#\/schema\/logo\/image\/\",\"url\":\"https:\/\/www.bluetoons.de\/blog\/wp-content\/uploads\/cglogo4.png\",\"contentUrl\":\"https:\/\/www.bluetoons.de\/blog\/wp-content\/uploads\/cglogo4.png\",\"width\":457,\"height\":102,\"caption\":\"Comics & Graphics\"},\"image\":{\"@id\":\"https:\/\/www.bluetoons.de\/blog\/#\/schema\/logo\/image\/\"},\"sameAs\":[\"https:\/\/www.facebook.com\/comicsandgraphics\"]},{\"@type\":\"Person\",\"@id\":\"https:\/\/www.bluetoons.de\/blog\/#\/schema\/person\/a6183af3fcd8cb598192c3ba1e71989c\",\"name\":\"Frank\",\"sameAs\":[\"http:\/\/www.bluetoons.de\"],\"url\":\"https:\/\/www.bluetoons.de\/blog\/author\/fr4nk\/\"}]}<\/script>\n<!-- \/ Yoast SEO plugin. -->","yoast_head_json":{"title":"Der mit dem Adler fliegt - Comics &amp; Graphics","robots":{"index":"index","follow":"follow","max-snippet":"max-snippet:-1","max-image-preview":"max-image-preview:large","max-video-preview":"max-video-preview:-1"},"canonical":"https:\/\/www.bluetoons.de\/blog\/2010\/07\/der-mit-dem-adler-fliegt\/","og_locale":"de_DE","og_type":"article","og_title":"Der mit dem Adler fliegt - Comics &amp; Graphics","og_description":"Der Comic-Klassiker &#8222;Yakari&#8220; erlebt dank seiner Zeichentrickverfilmung eine Renaissance. Inzwischen hat sich die Serie bei uns zu einem echten Bestseller entwickelt (B\u00fccher und Poster). 2009 startete der Verlag Salleck Publications (Eckart-Schott-Verlag) mit einer Wiederver\u00f6ffentlichung der seit den sp\u00e4ten 1970ern erschienenen und lange vergriffenen Yakari-B\u00e4nde von Texter Job (Andr\u00e9 Jobin) und Zeichner Derib (Claude de Ribaupierre). ... Weiterlesen","og_url":"https:\/\/www.bluetoons.de\/blog\/2010\/07\/der-mit-dem-adler-fliegt\/","og_site_name":"Comics &amp; Graphics","article_publisher":"https:\/\/www.facebook.com\/comicsandgraphics","article_published_time":"2010-07-20T18:14:45+00:00","article_modified_time":"2010-08-17T22:55:04+00:00","og_image":[{"url":"https:\/\/www.bluetoons.de\/images\/yakari_35.jpg"}],"author":"Frank","twitter_card":"summary_large_image","twitter_misc":{"Verfasst von":"Frank","Gesch\u00e4tzte Lesezeit":"2\u00a0Minuten"},"schema":{"@context":"https:\/\/schema.org","@graph":[{"@type":"Article","@id":"https:\/\/www.bluetoons.de\/blog\/2010\/07\/der-mit-dem-adler-fliegt\/#article","isPartOf":{"@id":"https:\/\/www.bluetoons.de\/blog\/2010\/07\/der-mit-dem-adler-fliegt\/"},"author":{"name":"Frank","@id":"https:\/\/www.bluetoons.de\/blog\/#\/schema\/person\/a6183af3fcd8cb598192c3ba1e71989c"},"headline":"Der mit dem Adler fliegt","datePublished":"2010-07-20T18:14:45+00:00","dateModified":"2010-08-17T22:55:04+00:00","mainEntityOfPage":{"@id":"https:\/\/www.bluetoons.de\/blog\/2010\/07\/der-mit-dem-adler-fliegt\/"},"wordCount":335,"publisher":{"@id":"https:\/\/www.bluetoons.de\/blog\/#organization"},"image":{"@id":"https:\/\/www.bluetoons.de\/blog\/2010\/07\/der-mit-dem-adler-fliegt\/#primaryimage"},"thumbnailUrl":"https:\/\/www.bluetoons.de\/images\/yakari_35.jpg","articleSection":["Abenteuer"],"inLanguage":"de"},{"@type":"WebPage","@id":"https:\/\/www.bluetoons.de\/blog\/2010\/07\/der-mit-dem-adler-fliegt\/","url":"https:\/\/www.bluetoons.de\/blog\/2010\/07\/der-mit-dem-adler-fliegt\/","name":"Der mit dem Adler fliegt - Comics &amp; Graphics","isPartOf":{"@id":"https:\/\/www.bluetoons.de\/blog\/#website"},"primaryImageOfPage":{"@id":"https:\/\/www.bluetoons.de\/blog\/2010\/07\/der-mit-dem-adler-fliegt\/#primaryimage"},"image":{"@id":"https:\/\/www.bluetoons.de\/blog\/2010\/07\/der-mit-dem-adler-fliegt\/#primaryimage"},"thumbnailUrl":"https:\/\/www.bluetoons.de\/images\/yakari_35.jpg","datePublished":"2010-07-20T18:14:45+00:00","dateModified":"2010-08-17T22:55:04+00:00","breadcrumb":{"@id":"https:\/\/www.bluetoons.de\/blog\/2010\/07\/der-mit-dem-adler-fliegt\/#breadcrumb"},"inLanguage":"de","potentialAction":[{"@type":"ReadAction","target":["https:\/\/www.bluetoons.de\/blog\/2010\/07\/der-mit-dem-adler-fliegt\/"]}]},{"@type":"ImageObject","inLanguage":"de","@id":"https:\/\/www.bluetoons.de\/blog\/2010\/07\/der-mit-dem-adler-fliegt\/#primaryimage","url":"https:\/\/www.bluetoons.de\/images\/yakari_35.jpg","contentUrl":"https:\/\/www.bluetoons.de\/images\/yakari_35.jpg"},{"@type":"BreadcrumbList","@id":"https:\/\/www.bluetoons.de\/blog\/2010\/07\/der-mit-dem-adler-fliegt\/#breadcrumb","itemListElement":[{"@type":"ListItem","position":1,"name":"Startseite","item":"https:\/\/www.bluetoons.de\/blog\/"},{"@type":"ListItem","position":2,"name":"Der mit dem Adler fliegt"}]},{"@type":"WebSite","@id":"https:\/\/www.bluetoons.de\/blog\/#website","url":"https:\/\/www.bluetoons.de\/blog\/","name":"Comics & Graphics","description":"Comicbuchhandlung","publisher":{"@id":"https:\/\/www.bluetoons.de\/blog\/#organization"},"potentialAction":[{"@type":"SearchAction","target":{"@type":"EntryPoint","urlTemplate":"https:\/\/www.bluetoons.de\/blog\/?s={search_term_string}"},"query-input":"required name=search_term_string"}],"inLanguage":"de"},{"@type":"Organization","@id":"https:\/\/www.bluetoons.de\/blog\/#organization","name":"Comics & Graphics","url":"https:\/\/www.bluetoons.de\/blog\/","logo":{"@type":"ImageObject","inLanguage":"de","@id":"https:\/\/www.bluetoons.de\/blog\/#\/schema\/logo\/image\/","url":"https:\/\/www.bluetoons.de\/blog\/wp-content\/uploads\/cglogo4.png","contentUrl":"https:\/\/www.bluetoons.de\/blog\/wp-content\/uploads\/cglogo4.png","width":457,"height":102,"caption":"Comics & Graphics"},"image":{"@id":"https:\/\/www.bluetoons.de\/blog\/#\/schema\/logo\/image\/"},"sameAs":["https:\/\/www.facebook.com\/comicsandgraphics"]},{"@type":"Person","@id":"https:\/\/www.bluetoons.de\/blog\/#\/schema\/person\/a6183af3fcd8cb598192c3ba1e71989c","name":"Frank","sameAs":["http:\/\/www.bluetoons.de"],"url":"https:\/\/www.bluetoons.de\/blog\/author\/fr4nk\/"}]}},"_links":{"self":[{"href":"https:\/\/www.bluetoons.de\/blog\/wp-json\/wp\/v2\/posts\/104","targetHints":{"allow":["GET"]}}],"collection":[{"href":"https:\/\/www.bluetoons.de\/blog\/wp-json\/wp\/v2\/posts"}],"about":[{"href":"https:\/\/www.bluetoons.de\/blog\/wp-json\/wp\/v2\/types\/post"}],"author":[{"embeddable":true,"href":"https:\/\/www.bluetoons.de\/blog\/wp-json\/wp\/v2\/users\/3"}],"replies":[{"embeddable":true,"href":"https:\/\/www.bluetoons.de\/blog\/wp-json\/wp\/v2\/comments?post=104"}],"version-history":[{"count":39,"href":"https:\/\/www.bluetoons.de\/blog\/wp-json\/wp\/v2\/posts\/104\/revisions"}],"predecessor-version":[{"id":316,"href":"https:\/\/www.bluetoons.de\/blog\/wp-json\/wp\/v2\/posts\/104\/revisions\/316"}],"wp:attachment":[{"href":"https:\/\/www.bluetoons.de\/blog\/wp-json\/wp\/v2\/media?parent=104"}],"wp:term":[{"taxonomy":"category","embeddable":true,"href":"https:\/\/www.bluetoons.de\/blog\/wp-json\/wp\/v2\/categories?post=104"},{"taxonomy":"post_tag","embeddable":true,"href":"https:\/\/www.bluetoons.de\/blog\/wp-json\/wp\/v2\/tags?post=104"}],"curies":[{"name":"wp","href":"https:\/\/api.w.org\/{rel}","templated":true}]}}