{"id":22,"date":"2010-06-23T18:09:05","date_gmt":"2010-06-23T17:09:05","guid":{"rendered":"http:\/\/www.bluetoons.de\/blog\/?p=22"},"modified":"2010-08-15T13:03:38","modified_gmt":"2010-08-15T12:03:38","slug":"das-kleine-schwarze-im-weildarum-verlag","status":"publish","type":"post","link":"https:\/\/www.bluetoons.de\/blog\/2010\/06\/das-kleine-schwarze-im-weildarum-verlag\/","title":{"rendered":"Das kleine Schwarze. Weildarum!"},"content":{"rendered":"<p><img loading=\"lazy\" decoding=\"async\" style=\"float: left; padding-right: 10px; padding-bottom:\" src=\"http:\/\/www.weildarum.de\/images\/vgmini.jpg\" alt=\"Vorletzte Ger\u00e4usche - Cover\" width=\"252\" height=\"252\" \/><\/p>\n<p><strong>Vor einigen Wochen haben wir ein kleines Label gegr\u00fcndet, in dem nun unsere ersten drei B\u00fccher erschienen sind.<\/strong><\/p>\n<p>Unser Deb\u00fctalbum ist der Cartoonband &#8222;Vorletzte Ger\u00e4usche&#8220;, ein Sampler mit Cartoons von \u00fcber 50 Zeichnern, f\u00fcr den wir auf der Comicmesse in Erlangen bereits gro\u00dfartiges Feedback erhalten haben. Mit dabei sind neben Newcomern auch einige prominente Zeichner wie Martin Perscheid, Beck u.v.a.<\/p>\n<p>Weitere Informationen zu unseren B\u00fcchern, Cover und Leseproben zu unseren drei B\u00fcchern, sowie eine Liste aller Zeichner des Bandes &#8222;Vorletzte Ger\u00e4usche&#8220; findet Ihr auf der Verlagswebseite <a href=\"http:\/\/www.weildarum.de\/\" target=\"_blank\">www.weildarum.de<\/a><\/p>\n","protected":false},"excerpt":{"rendered":"<p>Vor einigen Wochen haben wir ein kleines Label gegr\u00fcndet, in dem nun unsere ersten drei B\u00fccher erschienen sind. Unser Deb\u00fctalbum ist der Cartoonband &#8222;Vorletzte Ger\u00e4usche&#8220;, ein Sampler mit Cartoons von \u00fcber 50 Zeichnern, f\u00fcr den wir auf der Comicmesse in Erlangen bereits gro\u00dfartiges Feedback erhalten haben. Mit dabei sind neben Newcomern auch einige prominente Zeichner &#8230; <a title=\"Das kleine Schwarze. Weildarum!\" class=\"read-more\" href=\"https:\/\/www.bluetoons.de\/blog\/2010\/06\/das-kleine-schwarze-im-weildarum-verlag\/\" aria-label=\"Mehr dazu unter Das kleine Schwarze. Weildarum!\">Weiterlesen<\/a><\/p>\n","protected":false},"author":3,"featured_media":0,"comment_status":"closed","ping_status":"closed","sticky":false,"template":"","format":"standard","meta":{"footnotes":""},"categories":[3],"tags":[78],"class_list":["post-22","post","type-post","status-publish","format-standard","hentry","category-cartoon","tag-schwarzer-humor"],"yoast_head":"<!-- This site is optimized with the Yoast SEO plugin v22.5 - https:\/\/yoast.com\/wordpress\/plugins\/seo\/ -->\n<title>Das kleine Schwarze. Weildarum! - Comics &amp; Graphics<\/title>\n<meta name=\"robots\" content=\"index, follow, max-snippet:-1, max-image-preview:large, max-video-preview:-1\" \/>\n<link rel=\"canonical\" href=\"https:\/\/www.bluetoons.de\/blog\/2010\/06\/das-kleine-schwarze-im-weildarum-verlag\/\" \/>\n<meta property=\"og:locale\" content=\"de_DE\" \/>\n<meta property=\"og:type\" content=\"article\" \/>\n<meta property=\"og:title\" content=\"Das kleine Schwarze. Weildarum! - Comics &amp; Graphics\" \/>\n<meta property=\"og:description\" content=\"Vor einigen Wochen haben wir ein kleines Label gegr\u00fcndet, in dem nun unsere ersten drei B\u00fccher erschienen sind. Unser Deb\u00fctalbum ist der Cartoonband &#8222;Vorletzte Ger\u00e4usche&#8220;, ein Sampler mit Cartoons von \u00fcber 50 Zeichnern, f\u00fcr den wir auf der Comicmesse in Erlangen bereits gro\u00dfartiges Feedback erhalten haben. Mit dabei sind neben Newcomern auch einige prominente Zeichner ... Weiterlesen\" \/>\n<meta property=\"og:url\" content=\"https:\/\/www.bluetoons.de\/blog\/2010\/06\/das-kleine-schwarze-im-weildarum-verlag\/\" \/>\n<meta property=\"og:site_name\" content=\"Comics &amp; Graphics\" \/>\n<meta property=\"article:publisher\" content=\"https:\/\/www.facebook.com\/comicsandgraphics\" \/>\n<meta property=\"article:published_time\" content=\"2010-06-23T17:09:05+00:00\" \/>\n<meta property=\"article:modified_time\" content=\"2010-08-15T12:03:38+00:00\" \/>\n<meta property=\"og:image\" content=\"http:\/\/www.weildarum.de\/images\/vgmini.jpg\" \/>\n<meta name=\"author\" content=\"Frank\" \/>\n<meta name=\"twitter:card\" content=\"summary_large_image\" \/>\n<meta name=\"twitter:label1\" content=\"Verfasst von\" \/>\n\t<meta name=\"twitter:data1\" content=\"Frank\" \/>\n<script type=\"application\/ld+json\" class=\"yoast-schema-graph\">{\"@context\":\"https:\/\/schema.org\",\"@graph\":[{\"@type\":\"Article\",\"@id\":\"https:\/\/www.bluetoons.de\/blog\/2010\/06\/das-kleine-schwarze-im-weildarum-verlag\/#article\",\"isPartOf\":{\"@id\":\"https:\/\/www.bluetoons.de\/blog\/2010\/06\/das-kleine-schwarze-im-weildarum-verlag\/\"},\"author\":{\"name\":\"Frank\",\"@id\":\"https:\/\/www.bluetoons.de\/blog\/#\/schema\/person\/a6183af3fcd8cb598192c3ba1e71989c\"},\"headline\":\"Das kleine Schwarze. Weildarum!\",\"datePublished\":\"2010-06-23T17:09:05+00:00\",\"dateModified\":\"2010-08-15T12:03:38+00:00\",\"mainEntityOfPage\":{\"@id\":\"https:\/\/www.bluetoons.de\/blog\/2010\/06\/das-kleine-schwarze-im-weildarum-verlag\/\"},\"wordCount\":103,\"publisher\":{\"@id\":\"https:\/\/www.bluetoons.de\/blog\/#organization\"},\"image\":{\"@id\":\"https:\/\/www.bluetoons.de\/blog\/2010\/06\/das-kleine-schwarze-im-weildarum-verlag\/#primaryimage\"},\"thumbnailUrl\":\"http:\/\/www.weildarum.de\/images\/vgmini.jpg\",\"keywords\":[\"Schwarzer Humor\"],\"articleSection\":[\"Cartoon\"],\"inLanguage\":\"de\"},{\"@type\":\"WebPage\",\"@id\":\"https:\/\/www.bluetoons.de\/blog\/2010\/06\/das-kleine-schwarze-im-weildarum-verlag\/\",\"url\":\"https:\/\/www.bluetoons.de\/blog\/2010\/06\/das-kleine-schwarze-im-weildarum-verlag\/\",\"name\":\"Das kleine Schwarze. Weildarum! - Comics &amp; Graphics\",\"isPartOf\":{\"@id\":\"https:\/\/www.bluetoons.de\/blog\/#website\"},\"primaryImageOfPage\":{\"@id\":\"https:\/\/www.bluetoons.de\/blog\/2010\/06\/das-kleine-schwarze-im-weildarum-verlag\/#primaryimage\"},\"image\":{\"@id\":\"https:\/\/www.bluetoons.de\/blog\/2010\/06\/das-kleine-schwarze-im-weildarum-verlag\/#primaryimage\"},\"thumbnailUrl\":\"http:\/\/www.weildarum.de\/images\/vgmini.jpg\",\"datePublished\":\"2010-06-23T17:09:05+00:00\",\"dateModified\":\"2010-08-15T12:03:38+00:00\",\"breadcrumb\":{\"@id\":\"https:\/\/www.bluetoons.de\/blog\/2010\/06\/das-kleine-schwarze-im-weildarum-verlag\/#breadcrumb\"},\"inLanguage\":\"de\",\"potentialAction\":[{\"@type\":\"ReadAction\",\"target\":[\"https:\/\/www.bluetoons.de\/blog\/2010\/06\/das-kleine-schwarze-im-weildarum-verlag\/\"]}]},{\"@type\":\"ImageObject\",\"inLanguage\":\"de\",\"@id\":\"https:\/\/www.bluetoons.de\/blog\/2010\/06\/das-kleine-schwarze-im-weildarum-verlag\/#primaryimage\",\"url\":\"http:\/\/www.weildarum.de\/images\/vgmini.jpg\",\"contentUrl\":\"http:\/\/www.weildarum.de\/images\/vgmini.jpg\"},{\"@type\":\"BreadcrumbList\",\"@id\":\"https:\/\/www.bluetoons.de\/blog\/2010\/06\/das-kleine-schwarze-im-weildarum-verlag\/#breadcrumb\",\"itemListElement\":[{\"@type\":\"ListItem\",\"position\":1,\"name\":\"Startseite\",\"item\":\"https:\/\/www.bluetoons.de\/blog\/\"},{\"@type\":\"ListItem\",\"position\":2,\"name\":\"Das kleine Schwarze. Weildarum!\"}]},{\"@type\":\"WebSite\",\"@id\":\"https:\/\/www.bluetoons.de\/blog\/#website\",\"url\":\"https:\/\/www.bluetoons.de\/blog\/\",\"name\":\"Comics & Graphics\",\"description\":\"Comicbuchhandlung\",\"publisher\":{\"@id\":\"https:\/\/www.bluetoons.de\/blog\/#organization\"},\"potentialAction\":[{\"@type\":\"SearchAction\",\"target\":{\"@type\":\"EntryPoint\",\"urlTemplate\":\"https:\/\/www.bluetoons.de\/blog\/?s={search_term_string}\"},\"query-input\":\"required name=search_term_string\"}],\"inLanguage\":\"de\"},{\"@type\":\"Organization\",\"@id\":\"https:\/\/www.bluetoons.de\/blog\/#organization\",\"name\":\"Comics & Graphics\",\"url\":\"https:\/\/www.bluetoons.de\/blog\/\",\"logo\":{\"@type\":\"ImageObject\",\"inLanguage\":\"de\",\"@id\":\"https:\/\/www.bluetoons.de\/blog\/#\/schema\/logo\/image\/\",\"url\":\"https:\/\/www.bluetoons.de\/blog\/wp-content\/uploads\/cglogo4.png\",\"contentUrl\":\"https:\/\/www.bluetoons.de\/blog\/wp-content\/uploads\/cglogo4.png\",\"width\":457,\"height\":102,\"caption\":\"Comics & Graphics\"},\"image\":{\"@id\":\"https:\/\/www.bluetoons.de\/blog\/#\/schema\/logo\/image\/\"},\"sameAs\":[\"https:\/\/www.facebook.com\/comicsandgraphics\"]},{\"@type\":\"Person\",\"@id\":\"https:\/\/www.bluetoons.de\/blog\/#\/schema\/person\/a6183af3fcd8cb598192c3ba1e71989c\",\"name\":\"Frank\",\"sameAs\":[\"http:\/\/www.bluetoons.de\"],\"url\":\"https:\/\/www.bluetoons.de\/blog\/author\/fr4nk\/\"}]}<\/script>\n<!-- \/ Yoast SEO plugin. -->","yoast_head_json":{"title":"Das kleine Schwarze. Weildarum! - Comics &amp; Graphics","robots":{"index":"index","follow":"follow","max-snippet":"max-snippet:-1","max-image-preview":"max-image-preview:large","max-video-preview":"max-video-preview:-1"},"canonical":"https:\/\/www.bluetoons.de\/blog\/2010\/06\/das-kleine-schwarze-im-weildarum-verlag\/","og_locale":"de_DE","og_type":"article","og_title":"Das kleine Schwarze. Weildarum! - Comics &amp; Graphics","og_description":"Vor einigen Wochen haben wir ein kleines Label gegr\u00fcndet, in dem nun unsere ersten drei B\u00fccher erschienen sind. Unser Deb\u00fctalbum ist der Cartoonband &#8222;Vorletzte Ger\u00e4usche&#8220;, ein Sampler mit Cartoons von \u00fcber 50 Zeichnern, f\u00fcr den wir auf der Comicmesse in Erlangen bereits gro\u00dfartiges Feedback erhalten haben. Mit dabei sind neben Newcomern auch einige prominente Zeichner ... Weiterlesen","og_url":"https:\/\/www.bluetoons.de\/blog\/2010\/06\/das-kleine-schwarze-im-weildarum-verlag\/","og_site_name":"Comics &amp; Graphics","article_publisher":"https:\/\/www.facebook.com\/comicsandgraphics","article_published_time":"2010-06-23T17:09:05+00:00","article_modified_time":"2010-08-15T12:03:38+00:00","og_image":[{"url":"http:\/\/www.weildarum.de\/images\/vgmini.jpg"}],"author":"Frank","twitter_card":"summary_large_image","twitter_misc":{"Verfasst von":"Frank"},"schema":{"@context":"https:\/\/schema.org","@graph":[{"@type":"Article","@id":"https:\/\/www.bluetoons.de\/blog\/2010\/06\/das-kleine-schwarze-im-weildarum-verlag\/#article","isPartOf":{"@id":"https:\/\/www.bluetoons.de\/blog\/2010\/06\/das-kleine-schwarze-im-weildarum-verlag\/"},"author":{"name":"Frank","@id":"https:\/\/www.bluetoons.de\/blog\/#\/schema\/person\/a6183af3fcd8cb598192c3ba1e71989c"},"headline":"Das kleine Schwarze. Weildarum!","datePublished":"2010-06-23T17:09:05+00:00","dateModified":"2010-08-15T12:03:38+00:00","mainEntityOfPage":{"@id":"https:\/\/www.bluetoons.de\/blog\/2010\/06\/das-kleine-schwarze-im-weildarum-verlag\/"},"wordCount":103,"publisher":{"@id":"https:\/\/www.bluetoons.de\/blog\/#organization"},"image":{"@id":"https:\/\/www.bluetoons.de\/blog\/2010\/06\/das-kleine-schwarze-im-weildarum-verlag\/#primaryimage"},"thumbnailUrl":"http:\/\/www.weildarum.de\/images\/vgmini.jpg","keywords":["Schwarzer Humor"],"articleSection":["Cartoon"],"inLanguage":"de"},{"@type":"WebPage","@id":"https:\/\/www.bluetoons.de\/blog\/2010\/06\/das-kleine-schwarze-im-weildarum-verlag\/","url":"https:\/\/www.bluetoons.de\/blog\/2010\/06\/das-kleine-schwarze-im-weildarum-verlag\/","name":"Das kleine Schwarze. Weildarum! - Comics &amp; Graphics","isPartOf":{"@id":"https:\/\/www.bluetoons.de\/blog\/#website"},"primaryImageOfPage":{"@id":"https:\/\/www.bluetoons.de\/blog\/2010\/06\/das-kleine-schwarze-im-weildarum-verlag\/#primaryimage"},"image":{"@id":"https:\/\/www.bluetoons.de\/blog\/2010\/06\/das-kleine-schwarze-im-weildarum-verlag\/#primaryimage"},"thumbnailUrl":"http:\/\/www.weildarum.de\/images\/vgmini.jpg","datePublished":"2010-06-23T17:09:05+00:00","dateModified":"2010-08-15T12:03:38+00:00","breadcrumb":{"@id":"https:\/\/www.bluetoons.de\/blog\/2010\/06\/das-kleine-schwarze-im-weildarum-verlag\/#breadcrumb"},"inLanguage":"de","potentialAction":[{"@type":"ReadAction","target":["https:\/\/www.bluetoons.de\/blog\/2010\/06\/das-kleine-schwarze-im-weildarum-verlag\/"]}]},{"@type":"ImageObject","inLanguage":"de","@id":"https:\/\/www.bluetoons.de\/blog\/2010\/06\/das-kleine-schwarze-im-weildarum-verlag\/#primaryimage","url":"http:\/\/www.weildarum.de\/images\/vgmini.jpg","contentUrl":"http:\/\/www.weildarum.de\/images\/vgmini.jpg"},{"@type":"BreadcrumbList","@id":"https:\/\/www.bluetoons.de\/blog\/2010\/06\/das-kleine-schwarze-im-weildarum-verlag\/#breadcrumb","itemListElement":[{"@type":"ListItem","position":1,"name":"Startseite","item":"https:\/\/www.bluetoons.de\/blog\/"},{"@type":"ListItem","position":2,"name":"Das kleine Schwarze. Weildarum!"}]},{"@type":"WebSite","@id":"https:\/\/www.bluetoons.de\/blog\/#website","url":"https:\/\/www.bluetoons.de\/blog\/","name":"Comics & Graphics","description":"Comicbuchhandlung","publisher":{"@id":"https:\/\/www.bluetoons.de\/blog\/#organization"},"potentialAction":[{"@type":"SearchAction","target":{"@type":"EntryPoint","urlTemplate":"https:\/\/www.bluetoons.de\/blog\/?s={search_term_string}"},"query-input":"required name=search_term_string"}],"inLanguage":"de"},{"@type":"Organization","@id":"https:\/\/www.bluetoons.de\/blog\/#organization","name":"Comics & Graphics","url":"https:\/\/www.bluetoons.de\/blog\/","logo":{"@type":"ImageObject","inLanguage":"de","@id":"https:\/\/www.bluetoons.de\/blog\/#\/schema\/logo\/image\/","url":"https:\/\/www.bluetoons.de\/blog\/wp-content\/uploads\/cglogo4.png","contentUrl":"https:\/\/www.bluetoons.de\/blog\/wp-content\/uploads\/cglogo4.png","width":457,"height":102,"caption":"Comics & Graphics"},"image":{"@id":"https:\/\/www.bluetoons.de\/blog\/#\/schema\/logo\/image\/"},"sameAs":["https:\/\/www.facebook.com\/comicsandgraphics"]},{"@type":"Person","@id":"https:\/\/www.bluetoons.de\/blog\/#\/schema\/person\/a6183af3fcd8cb598192c3ba1e71989c","name":"Frank","sameAs":["http:\/\/www.bluetoons.de"],"url":"https:\/\/www.bluetoons.de\/blog\/author\/fr4nk\/"}]}},"_links":{"self":[{"href":"https:\/\/www.bluetoons.de\/blog\/wp-json\/wp\/v2\/posts\/22","targetHints":{"allow":["GET"]}}],"collection":[{"href":"https:\/\/www.bluetoons.de\/blog\/wp-json\/wp\/v2\/posts"}],"about":[{"href":"https:\/\/www.bluetoons.de\/blog\/wp-json\/wp\/v2\/types\/post"}],"author":[{"embeddable":true,"href":"https:\/\/www.bluetoons.de\/blog\/wp-json\/wp\/v2\/users\/3"}],"replies":[{"embeddable":true,"href":"https:\/\/www.bluetoons.de\/blog\/wp-json\/wp\/v2\/comments?post=22"}],"version-history":[{"count":23,"href":"https:\/\/www.bluetoons.de\/blog\/wp-json\/wp\/v2\/posts\/22\/revisions"}],"predecessor-version":[{"id":32,"href":"https:\/\/www.bluetoons.de\/blog\/wp-json\/wp\/v2\/posts\/22\/revisions\/32"}],"wp:attachment":[{"href":"https:\/\/www.bluetoons.de\/blog\/wp-json\/wp\/v2\/media?parent=22"}],"wp:term":[{"taxonomy":"category","embeddable":true,"href":"https:\/\/www.bluetoons.de\/blog\/wp-json\/wp\/v2\/categories?post=22"},{"taxonomy":"post_tag","embeddable":true,"href":"https:\/\/www.bluetoons.de\/blog\/wp-json\/wp\/v2\/tags?post=22"}],"curies":[{"name":"wp","href":"https:\/\/api.w.org\/{rel}","templated":true}]}}