{"id":8993,"date":"2023-12-03T12:17:16","date_gmt":"2023-12-03T11:17:16","guid":{"rendered":"https:\/\/www.bluetoons.de\/blog\/?p=8993"},"modified":"2023-12-17T18:37:58","modified_gmt":"2023-12-17T17:37:58","slug":"nami-und-das-meer","status":"publish","type":"post","link":"https:\/\/www.bluetoons.de\/blog\/2023\/12\/nami-und-das-meer\/","title":{"rendered":"Nami und das Meer"},"content":{"rendered":"\n<p>Salut und Konichiwa!<\/p>\n\n\n\n<p>In ihrem Comicalbum \u201eNami und das Meer\u201c findet sich die franz\u00f6sische Autorin und Zeichnerin Catherine Meurisse in Japan wieder.<\/p>\n\n\n\n<figure class=\"wp-block-image size-full\"><a href=\"https:\/\/www.bluetoons.de\/blog\/wp-content\/uploads\/nami-und-das-meer.jpg\"><img loading=\"lazy\" decoding=\"async\" width=\"557\" height=\"754\" src=\"https:\/\/www.bluetoons.de\/blog\/wp-content\/uploads\/nami-und-das-meer.jpg\" alt=\"Nami und das Meer - Cover\" class=\"wp-image-9005\" srcset=\"https:\/\/www.bluetoons.de\/blog\/wp-content\/uploads\/nami-und-das-meer.jpg 557w, https:\/\/www.bluetoons.de\/blog\/wp-content\/uploads\/nami-und-das-meer-222x300.jpg 222w, https:\/\/www.bluetoons.de\/blog\/wp-content\/uploads\/nami-und-das-meer-148x200.jpg 148w\" sizes=\"auto, (max-width: 557px) 100vw, 557px\" \/><\/a><\/figure>\n\n\n\n<p>In einer mystisch \u2013 m\u00e4rchenhaften Geschichte plant sie dort die Natur zu malen. Dabei \u201e\u00dcberschreiten wir die Grenzen zwischen der profanen Welt und der der Geister\u201c.<br>Neben einem japanischen Maler, dem es nicht gelingen will, eine Frau auf Papier zu verewigen, begegnet die Zeichnerin auch Nami, zu der die Natur spricht. Abgerundet wird ihr Trip durch Gespr\u00e4che mit einem Tanuki, einem Fabelwesen wie aus dem Studio Ghibli Anime \u201ePom Poko\u201c, wie dieser anzumerken wei\u00df.<br><br>Humorvoll und schr\u00e4g, dramatisch und romantisch, mit sympathischen Figuren und wunderbaren Hintergr\u00fcnden erfahren wir von Japans Kunst und Kultur. Und von der Natur, die uns \u201egelegentlich daran erinnert, dass sie zuerst da war\u201c \u2026 <br>Interessant ist dabei, dass Meurisse  mit zwei verschiedenen Zeichenstilen arbeitet: einen eher naturalistischen, pr\u00e4zisen Stil f\u00fcr die Hintergr\u00fcnde, Naturdarstellungen und Geb\u00e4ude, w\u00e4hrend die Figuren eher \u00fcberzeichnet und \u201ecartoonig\u201c wirken. <\/p>\n\n\n\n<p>Merci und Domi Arigato f\u00fcr dieses Buch, Catherine Meurisse.<\/p>\n\n\n\n<p>Weiter Werke der ehemaligen Charlie Hebdo Cartoonistin, die ihr in unserem Laden entdecken k\u00f6nntet, sind \u201eWeites Land\u201c und \u201eDie Leichtigkeit\u201c.<\/p>\n\n\n\n<p>Nami und das Meer, gebundene Ausgabe, Carlsen Verlag, 128 Seiten, farbig, Euro 22,-<\/p>\n","protected":false},"excerpt":{"rendered":"<p>Salut und Konichiwa! In ihrem Comicalbum \u201eNami und das Meer\u201c findet sich die franz\u00f6sische Autorin und Zeichnerin Catherine Meurisse in Japan wieder. In einer mystisch \u2013 m\u00e4rchenhaften Geschichte plant sie dort die Natur zu malen. Dabei \u201e\u00dcberschreiten wir die Grenzen zwischen der profanen Welt und der der Geister\u201c.Neben einem japanischen Maler, dem es nicht gelingen &#8230; <a title=\"Nami und das Meer\" class=\"read-more\" href=\"https:\/\/www.bluetoons.de\/blog\/2023\/12\/nami-und-das-meer\/\" aria-label=\"Mehr dazu unter Nami und das Meer\">Weiterlesen<\/a><\/p>\n","protected":false},"author":12,"featured_media":0,"comment_status":"closed","ping_status":"closed","sticky":false,"template":"","format":"standard","meta":{"footnotes":""},"categories":[1,52,34],"tags":[],"class_list":["post-8993","post","type-post","status-publish","format-standard","hentry","category-abenteuer","category-graphic-novel","category-zeichner"],"yoast_head":"<!-- This site is optimized with the Yoast SEO plugin v22.5 - https:\/\/yoast.com\/wordpress\/plugins\/seo\/ -->\n<title>Nami und das Meer - Comics &amp; Graphics<\/title>\n<meta name=\"robots\" content=\"index, follow, max-snippet:-1, max-image-preview:large, max-video-preview:-1\" \/>\n<link rel=\"canonical\" href=\"https:\/\/www.bluetoons.de\/blog\/2023\/12\/nami-und-das-meer\/\" \/>\n<meta property=\"og:locale\" content=\"de_DE\" \/>\n<meta property=\"og:type\" content=\"article\" \/>\n<meta property=\"og:title\" content=\"Nami und das Meer\" \/>\n<meta property=\"og:description\" content=\"Salut und Konichiwa! In ihrem Comicalbum \u201eNami und das Meer\u201c findet sich die franz\u00f6sische Autorin und Zeichnerin Catherine Meurisse in Japan wieder. In einer mystisch \u2013 m\u00e4rchenhaften Geschichte plant sie dort die Natur zu malen. Dabei \u201e\u00dcberschreiten wir die Grenzen zwischen der profanen Welt und der der Geister\u201c.Neben einem japanischen Maler, dem es nicht gelingen ... Weiterlesen\" \/>\n<meta property=\"og:url\" content=\"https:\/\/www.bluetoons.de\/blog\/2023\/12\/nami-und-das-meer\/\" \/>\n<meta property=\"og:site_name\" content=\"Comics &amp; Graphics\" \/>\n<meta property=\"article:publisher\" content=\"https:\/\/www.facebook.com\/comicsandgraphics\" \/>\n<meta property=\"article:published_time\" content=\"2023-12-03T11:17:16+00:00\" \/>\n<meta property=\"article:modified_time\" content=\"2023-12-17T17:37:58+00:00\" \/>\n<meta property=\"og:image\" content=\"https:\/\/www.bluetoons.de\/blog\/wp-content\/uploads\/nami-und-das-meer.jpg\" \/>\n\t<meta property=\"og:image:width\" content=\"557\" \/>\n\t<meta property=\"og:image:height\" content=\"754\" \/>\n\t<meta property=\"og:image:type\" content=\"image\/jpeg\" \/>\n<meta name=\"author\" content=\"smc\" \/>\n<meta name=\"twitter:card\" content=\"summary_large_image\" \/>\n<meta name=\"twitter:label1\" content=\"Verfasst von\" \/>\n\t<meta name=\"twitter:data1\" content=\"smc\" \/>\n\t<meta name=\"twitter:label2\" content=\"Gesch\u00e4tzte Lesezeit\" \/>\n\t<meta name=\"twitter:data2\" content=\"2\u00a0Minuten\" \/>\n<script type=\"application\/ld+json\" class=\"yoast-schema-graph\">{\"@context\":\"https:\/\/schema.org\",\"@graph\":[{\"@type\":\"Article\",\"@id\":\"https:\/\/www.bluetoons.de\/blog\/2023\/12\/nami-und-das-meer\/#article\",\"isPartOf\":{\"@id\":\"https:\/\/www.bluetoons.de\/blog\/2023\/12\/nami-und-das-meer\/\"},\"author\":{\"name\":\"smc\",\"@id\":\"https:\/\/www.bluetoons.de\/blog\/#\/schema\/person\/4c357d3e9fe88ca06562f73db732fd73\"},\"headline\":\"Nami und das Meer\",\"datePublished\":\"2023-12-03T11:17:16+00:00\",\"dateModified\":\"2023-12-17T17:37:58+00:00\",\"mainEntityOfPage\":{\"@id\":\"https:\/\/www.bluetoons.de\/blog\/2023\/12\/nami-und-das-meer\/\"},\"wordCount\":213,\"publisher\":{\"@id\":\"https:\/\/www.bluetoons.de\/blog\/#organization\"},\"image\":{\"@id\":\"https:\/\/www.bluetoons.de\/blog\/2023\/12\/nami-und-das-meer\/#primaryimage\"},\"thumbnailUrl\":\"https:\/\/www.bluetoons.de\/blog\/wp-content\/uploads\/nami-und-das-meer.jpg\",\"articleSection\":[\"Abenteuer\",\"Graphic Novel\",\"Zeichner\"],\"inLanguage\":\"de\"},{\"@type\":\"WebPage\",\"@id\":\"https:\/\/www.bluetoons.de\/blog\/2023\/12\/nami-und-das-meer\/\",\"url\":\"https:\/\/www.bluetoons.de\/blog\/2023\/12\/nami-und-das-meer\/\",\"name\":\"Nami und das Meer - Comics &amp; Graphics\",\"isPartOf\":{\"@id\":\"https:\/\/www.bluetoons.de\/blog\/#website\"},\"primaryImageOfPage\":{\"@id\":\"https:\/\/www.bluetoons.de\/blog\/2023\/12\/nami-und-das-meer\/#primaryimage\"},\"image\":{\"@id\":\"https:\/\/www.bluetoons.de\/blog\/2023\/12\/nami-und-das-meer\/#primaryimage\"},\"thumbnailUrl\":\"https:\/\/www.bluetoons.de\/blog\/wp-content\/uploads\/nami-und-das-meer.jpg\",\"datePublished\":\"2023-12-03T11:17:16+00:00\",\"dateModified\":\"2023-12-17T17:37:58+00:00\",\"breadcrumb\":{\"@id\":\"https:\/\/www.bluetoons.de\/blog\/2023\/12\/nami-und-das-meer\/#breadcrumb\"},\"inLanguage\":\"de\",\"potentialAction\":[{\"@type\":\"ReadAction\",\"target\":[\"https:\/\/www.bluetoons.de\/blog\/2023\/12\/nami-und-das-meer\/\"]}]},{\"@type\":\"ImageObject\",\"inLanguage\":\"de\",\"@id\":\"https:\/\/www.bluetoons.de\/blog\/2023\/12\/nami-und-das-meer\/#primaryimage\",\"url\":\"https:\/\/www.bluetoons.de\/blog\/wp-content\/uploads\/nami-und-das-meer.jpg\",\"contentUrl\":\"https:\/\/www.bluetoons.de\/blog\/wp-content\/uploads\/nami-und-das-meer.jpg\"},{\"@type\":\"BreadcrumbList\",\"@id\":\"https:\/\/www.bluetoons.de\/blog\/2023\/12\/nami-und-das-meer\/#breadcrumb\",\"itemListElement\":[{\"@type\":\"ListItem\",\"position\":1,\"name\":\"Startseite\",\"item\":\"https:\/\/www.bluetoons.de\/blog\/\"},{\"@type\":\"ListItem\",\"position\":2,\"name\":\"Nami und das Meer\"}]},{\"@type\":\"WebSite\",\"@id\":\"https:\/\/www.bluetoons.de\/blog\/#website\",\"url\":\"https:\/\/www.bluetoons.de\/blog\/\",\"name\":\"Comics & Graphics\",\"description\":\"Comicbuchhandlung\",\"publisher\":{\"@id\":\"https:\/\/www.bluetoons.de\/blog\/#organization\"},\"potentialAction\":[{\"@type\":\"SearchAction\",\"target\":{\"@type\":\"EntryPoint\",\"urlTemplate\":\"https:\/\/www.bluetoons.de\/blog\/?s={search_term_string}\"},\"query-input\":\"required name=search_term_string\"}],\"inLanguage\":\"de\"},{\"@type\":\"Organization\",\"@id\":\"https:\/\/www.bluetoons.de\/blog\/#organization\",\"name\":\"Comics & Graphics\",\"url\":\"https:\/\/www.bluetoons.de\/blog\/\",\"logo\":{\"@type\":\"ImageObject\",\"inLanguage\":\"de\",\"@id\":\"https:\/\/www.bluetoons.de\/blog\/#\/schema\/logo\/image\/\",\"url\":\"https:\/\/www.bluetoons.de\/blog\/wp-content\/uploads\/cglogo4.png\",\"contentUrl\":\"https:\/\/www.bluetoons.de\/blog\/wp-content\/uploads\/cglogo4.png\",\"width\":457,\"height\":102,\"caption\":\"Comics & Graphics\"},\"image\":{\"@id\":\"https:\/\/www.bluetoons.de\/blog\/#\/schema\/logo\/image\/\"},\"sameAs\":[\"https:\/\/www.facebook.com\/comicsandgraphics\"]},{\"@type\":\"Person\",\"@id\":\"https:\/\/www.bluetoons.de\/blog\/#\/schema\/person\/4c357d3e9fe88ca06562f73db732fd73\",\"name\":\"smc\",\"url\":\"https:\/\/www.bluetoons.de\/blog\/author\/smc\/\"}]}<\/script>\n<!-- \/ Yoast SEO plugin. -->","yoast_head_json":{"title":"Nami und das Meer - Comics &amp; Graphics","robots":{"index":"index","follow":"follow","max-snippet":"max-snippet:-1","max-image-preview":"max-image-preview:large","max-video-preview":"max-video-preview:-1"},"canonical":"https:\/\/www.bluetoons.de\/blog\/2023\/12\/nami-und-das-meer\/","og_locale":"de_DE","og_type":"article","og_title":"Nami und das Meer","og_description":"Salut und Konichiwa! In ihrem Comicalbum \u201eNami und das Meer\u201c findet sich die franz\u00f6sische Autorin und Zeichnerin Catherine Meurisse in Japan wieder. In einer mystisch \u2013 m\u00e4rchenhaften Geschichte plant sie dort die Natur zu malen. Dabei \u201e\u00dcberschreiten wir die Grenzen zwischen der profanen Welt und der der Geister\u201c.Neben einem japanischen Maler, dem es nicht gelingen ... Weiterlesen","og_url":"https:\/\/www.bluetoons.de\/blog\/2023\/12\/nami-und-das-meer\/","og_site_name":"Comics &amp; Graphics","article_publisher":"https:\/\/www.facebook.com\/comicsandgraphics","article_published_time":"2023-12-03T11:17:16+00:00","article_modified_time":"2023-12-17T17:37:58+00:00","og_image":[{"width":557,"height":754,"url":"https:\/\/www.bluetoons.de\/blog\/wp-content\/uploads\/nami-und-das-meer.jpg","type":"image\/jpeg"}],"author":"smc","twitter_card":"summary_large_image","twitter_misc":{"Verfasst von":"smc","Gesch\u00e4tzte Lesezeit":"2\u00a0Minuten"},"schema":{"@context":"https:\/\/schema.org","@graph":[{"@type":"Article","@id":"https:\/\/www.bluetoons.de\/blog\/2023\/12\/nami-und-das-meer\/#article","isPartOf":{"@id":"https:\/\/www.bluetoons.de\/blog\/2023\/12\/nami-und-das-meer\/"},"author":{"name":"smc","@id":"https:\/\/www.bluetoons.de\/blog\/#\/schema\/person\/4c357d3e9fe88ca06562f73db732fd73"},"headline":"Nami und das Meer","datePublished":"2023-12-03T11:17:16+00:00","dateModified":"2023-12-17T17:37:58+00:00","mainEntityOfPage":{"@id":"https:\/\/www.bluetoons.de\/blog\/2023\/12\/nami-und-das-meer\/"},"wordCount":213,"publisher":{"@id":"https:\/\/www.bluetoons.de\/blog\/#organization"},"image":{"@id":"https:\/\/www.bluetoons.de\/blog\/2023\/12\/nami-und-das-meer\/#primaryimage"},"thumbnailUrl":"https:\/\/www.bluetoons.de\/blog\/wp-content\/uploads\/nami-und-das-meer.jpg","articleSection":["Abenteuer","Graphic Novel","Zeichner"],"inLanguage":"de"},{"@type":"WebPage","@id":"https:\/\/www.bluetoons.de\/blog\/2023\/12\/nami-und-das-meer\/","url":"https:\/\/www.bluetoons.de\/blog\/2023\/12\/nami-und-das-meer\/","name":"Nami und das Meer - Comics &amp; Graphics","isPartOf":{"@id":"https:\/\/www.bluetoons.de\/blog\/#website"},"primaryImageOfPage":{"@id":"https:\/\/www.bluetoons.de\/blog\/2023\/12\/nami-und-das-meer\/#primaryimage"},"image":{"@id":"https:\/\/www.bluetoons.de\/blog\/2023\/12\/nami-und-das-meer\/#primaryimage"},"thumbnailUrl":"https:\/\/www.bluetoons.de\/blog\/wp-content\/uploads\/nami-und-das-meer.jpg","datePublished":"2023-12-03T11:17:16+00:00","dateModified":"2023-12-17T17:37:58+00:00","breadcrumb":{"@id":"https:\/\/www.bluetoons.de\/blog\/2023\/12\/nami-und-das-meer\/#breadcrumb"},"inLanguage":"de","potentialAction":[{"@type":"ReadAction","target":["https:\/\/www.bluetoons.de\/blog\/2023\/12\/nami-und-das-meer\/"]}]},{"@type":"ImageObject","inLanguage":"de","@id":"https:\/\/www.bluetoons.de\/blog\/2023\/12\/nami-und-das-meer\/#primaryimage","url":"https:\/\/www.bluetoons.de\/blog\/wp-content\/uploads\/nami-und-das-meer.jpg","contentUrl":"https:\/\/www.bluetoons.de\/blog\/wp-content\/uploads\/nami-und-das-meer.jpg"},{"@type":"BreadcrumbList","@id":"https:\/\/www.bluetoons.de\/blog\/2023\/12\/nami-und-das-meer\/#breadcrumb","itemListElement":[{"@type":"ListItem","position":1,"name":"Startseite","item":"https:\/\/www.bluetoons.de\/blog\/"},{"@type":"ListItem","position":2,"name":"Nami und das Meer"}]},{"@type":"WebSite","@id":"https:\/\/www.bluetoons.de\/blog\/#website","url":"https:\/\/www.bluetoons.de\/blog\/","name":"Comics & Graphics","description":"Comicbuchhandlung","publisher":{"@id":"https:\/\/www.bluetoons.de\/blog\/#organization"},"potentialAction":[{"@type":"SearchAction","target":{"@type":"EntryPoint","urlTemplate":"https:\/\/www.bluetoons.de\/blog\/?s={search_term_string}"},"query-input":"required name=search_term_string"}],"inLanguage":"de"},{"@type":"Organization","@id":"https:\/\/www.bluetoons.de\/blog\/#organization","name":"Comics & Graphics","url":"https:\/\/www.bluetoons.de\/blog\/","logo":{"@type":"ImageObject","inLanguage":"de","@id":"https:\/\/www.bluetoons.de\/blog\/#\/schema\/logo\/image\/","url":"https:\/\/www.bluetoons.de\/blog\/wp-content\/uploads\/cglogo4.png","contentUrl":"https:\/\/www.bluetoons.de\/blog\/wp-content\/uploads\/cglogo4.png","width":457,"height":102,"caption":"Comics & Graphics"},"image":{"@id":"https:\/\/www.bluetoons.de\/blog\/#\/schema\/logo\/image\/"},"sameAs":["https:\/\/www.facebook.com\/comicsandgraphics"]},{"@type":"Person","@id":"https:\/\/www.bluetoons.de\/blog\/#\/schema\/person\/4c357d3e9fe88ca06562f73db732fd73","name":"smc","url":"https:\/\/www.bluetoons.de\/blog\/author\/smc\/"}]}},"_links":{"self":[{"href":"https:\/\/www.bluetoons.de\/blog\/wp-json\/wp\/v2\/posts\/8993","targetHints":{"allow":["GET"]}}],"collection":[{"href":"https:\/\/www.bluetoons.de\/blog\/wp-json\/wp\/v2\/posts"}],"about":[{"href":"https:\/\/www.bluetoons.de\/blog\/wp-json\/wp\/v2\/types\/post"}],"author":[{"embeddable":true,"href":"https:\/\/www.bluetoons.de\/blog\/wp-json\/wp\/v2\/users\/12"}],"replies":[{"embeddable":true,"href":"https:\/\/www.bluetoons.de\/blog\/wp-json\/wp\/v2\/comments?post=8993"}],"version-history":[{"count":3,"href":"https:\/\/www.bluetoons.de\/blog\/wp-json\/wp\/v2\/posts\/8993\/revisions"}],"predecessor-version":[{"id":9011,"href":"https:\/\/www.bluetoons.de\/blog\/wp-json\/wp\/v2\/posts\/8993\/revisions\/9011"}],"wp:attachment":[{"href":"https:\/\/www.bluetoons.de\/blog\/wp-json\/wp\/v2\/media?parent=8993"}],"wp:term":[{"taxonomy":"category","embeddable":true,"href":"https:\/\/www.bluetoons.de\/blog\/wp-json\/wp\/v2\/categories?post=8993"},{"taxonomy":"post_tag","embeddable":true,"href":"https:\/\/www.bluetoons.de\/blog\/wp-json\/wp\/v2\/tags?post=8993"}],"curies":[{"name":"wp","href":"https:\/\/api.w.org\/{rel}","templated":true}]}}